{"id":14402,"date":"2024-11-26T11:39:00","date_gmt":"2024-11-26T10:39:00","guid":{"rendered":"https:\/\/www.struka.hr\/?p=14402"},"modified":"2024-12-05T12:05:11","modified_gmt":"2024-12-05T11:05:11","slug":"zeljko-habek-gave-a-lecture-at-the-erf","status":"publish","type":"post","link":"https:\/\/www.struka.hr\/en\/zeljko-habek-gave-a-lecture-at-the-erf\/","title":{"rendered":"\u017deljko Habek gave a lecture at the ERF"},"content":{"rendered":"\n<p>On November 26th, at the Faculty of Education and Rehabilitation in Zagreb, \u017deljko Habek gave a lecture to fifth-year students entitled: \u201cApplication of augmented reality (XR) technologies in the education of people on the autism spectrum\u201d. The lecture promoted the Green ASC VET \u2013 Metautism project.<\/p>\n\n\n\n<p>Many thanks to Prof. Dr. Jasmina Sto\u0161i\u0107 and her assistant Matea Begi\u0107 Ali\u0107 for the opportunity provided and to all students for the truly exceptional atmosphere. Thanks also to the technical support team: Kre\u0161imir Herceg and Marijan Milo, and Klara Tuli\u010di\u0107, who recorded this event with a camera.<\/p>\n\n\n\n<figure class=\"wp-block-image size-large\"><img fetchpriority=\"high\" decoding=\"async\" width=\"1170\" height=\"694\" src=\"https:\/\/www.struka.hr\/wp-content\/uploads\/ERF_ZH-1170x694.jpg\" alt=\"\" class=\"wp-image-14400\" srcset=\"https:\/\/www.struka.hr\/wp-content\/uploads\/ERF_ZH-1170x694.jpg 1170w, https:\/\/www.struka.hr\/wp-content\/uploads\/ERF_ZH-768x456.jpg 768w\" sizes=\"(max-width: 1170px) 100vw, 1170px\" \/><\/figure>\n","protected":false},"excerpt":{"rendered":"<p>On November 26th, at the Faculty of Education and Rehabilitation in Zagreb, \u017deljko Habek gave a lecture to fifth-year students entitled: \u201cApplication of augmented reality (XR) technologies in the education of people on the autism spectrum\u201d. The lecture promoted the Green ASC VET \u2013 Metautism project. Many thanks to Prof. Dr. Jasmina Sto\u0161i\u0107 and her<\/p>\n","protected":false},"author":2,"featured_media":0,"comment_status":"closed","ping_status":"closed","sticky":false,"template":"","format":"standard","meta":{"footnotes":""},"categories":[46],"tags":[],"class_list":["post-14402","post","type-post","status-publish","format-standard","hentry","category-updates"],"yoast_head":"<!-- This site is optimized with the Yoast SEO plugin v26.6 - https:\/\/yoast.com\/wordpress\/plugins\/seo\/ -->\n<title>\u017deljko Habek gave a lecture at the ERF - #STRUKA<\/title>\n<meta name=\"robots\" content=\"index, follow, max-snippet:-1, max-image-preview:large, max-video-preview:-1\" \/>\n<link rel=\"canonical\" href=\"https:\/\/www.struka.hr\/en\/zeljko-habek-gave-a-lecture-at-the-erf\/\" \/>\n<meta property=\"og:locale\" content=\"en_US\" \/>\n<meta property=\"og:type\" content=\"article\" \/>\n<meta property=\"og:title\" content=\"\u017deljko Habek gave a lecture at the ERF - #STRUKA\" \/>\n<meta property=\"og:description\" content=\"On November 26th, at the Faculty of Education and Rehabilitation in Zagreb, \u017deljko Habek gave a lecture to fifth-year students entitled: \u201cApplication of augmented reality (XR) technologies in the education of people on the autism spectrum\u201d. The lecture promoted the Green ASC VET \u2013 Metautism project. Many thanks to Prof. Dr. Jasmina Sto\u0161i\u0107 and her\" \/>\n<meta property=\"og:url\" content=\"https:\/\/www.struka.hr\/en\/zeljko-habek-gave-a-lecture-at-the-erf\/\" \/>\n<meta property=\"og:site_name\" content=\"#STRUKA\" \/>\n<meta property=\"article:published_time\" content=\"2024-11-26T10:39:00+00:00\" \/>\n<meta property=\"article:modified_time\" content=\"2024-12-05T11:05:11+00:00\" \/>\n<meta property=\"og:image\" content=\"https:\/\/www.struka.hr\/wp-content\/uploads\/ERF_ZH-1170x694.jpg\" \/>\n<meta name=\"author\" content=\"\u017deljko Habek\" \/>\n<meta name=\"twitter:card\" content=\"summary_large_image\" \/>\n<meta name=\"twitter:label1\" content=\"Written by\" \/>\n\t<meta name=\"twitter:data1\" content=\"\u017deljko Habek\" \/>\n<script type=\"application\/ld+json\" class=\"yoast-schema-graph\">{\"@context\":\"https:\/\/schema.org\",\"@graph\":[{\"@type\":\"WebPage\",\"@id\":\"https:\/\/www.struka.hr\/en\/zeljko-habek-gave-a-lecture-at-the-erf\/\",\"url\":\"https:\/\/www.struka.hr\/en\/zeljko-habek-gave-a-lecture-at-the-erf\/\",\"name\":\"\u017deljko Habek gave a lecture at the ERF - #STRUKA\",\"isPartOf\":{\"@id\":\"https:\/\/www.struka.hr\/en\/#website\"},\"primaryImageOfPage\":{\"@id\":\"https:\/\/www.struka.hr\/en\/zeljko-habek-gave-a-lecture-at-the-erf\/#primaryimage\"},\"image\":{\"@id\":\"https:\/\/www.struka.hr\/en\/zeljko-habek-gave-a-lecture-at-the-erf\/#primaryimage\"},\"thumbnailUrl\":\"https:\/\/www.struka.hr\/wp-content\/uploads\/ERF_ZH-1170x694.jpg\",\"datePublished\":\"2024-11-26T10:39:00+00:00\",\"dateModified\":\"2024-12-05T11:05:11+00:00\",\"author\":{\"@id\":\"https:\/\/www.struka.hr\/en\/#\/schema\/person\/4d429f1f07565f151e493f0972c4a288\"},\"breadcrumb\":{\"@id\":\"https:\/\/www.struka.hr\/en\/zeljko-habek-gave-a-lecture-at-the-erf\/#breadcrumb\"},\"inLanguage\":\"en-US\",\"potentialAction\":[{\"@type\":\"ReadAction\",\"target\":[\"https:\/\/www.struka.hr\/en\/zeljko-habek-gave-a-lecture-at-the-erf\/\"]}]},{\"@type\":\"ImageObject\",\"inLanguage\":\"en-US\",\"@id\":\"https:\/\/www.struka.hr\/en\/zeljko-habek-gave-a-lecture-at-the-erf\/#primaryimage\",\"url\":\"https:\/\/www.struka.hr\/wp-content\/uploads\/ERF_ZH-1170x694.jpg\",\"contentUrl\":\"https:\/\/www.struka.hr\/wp-content\/uploads\/ERF_ZH-1170x694.jpg\"},{\"@type\":\"BreadcrumbList\",\"@id\":\"https:\/\/www.struka.hr\/en\/zeljko-habek-gave-a-lecture-at-the-erf\/#breadcrumb\",\"itemListElement\":[{\"@type\":\"ListItem\",\"position\":1,\"name\":\"Po\u010detna stranica\",\"item\":\"https:\/\/www.struka.hr\/en\/\"},{\"@type\":\"ListItem\",\"position\":2,\"name\":\"\u017deljko Habek gave a lecture at the ERF\"}]},{\"@type\":\"WebSite\",\"@id\":\"https:\/\/www.struka.hr\/en\/#website\",\"url\":\"https:\/\/www.struka.hr\/en\/\",\"name\":\"#STRUKA\",\"description\":\"Udruga za cjelo\u017eivotno strukovno obrazovanje\",\"potentialAction\":[{\"@type\":\"SearchAction\",\"target\":{\"@type\":\"EntryPoint\",\"urlTemplate\":\"https:\/\/www.struka.hr\/en\/?s={search_term_string}\"},\"query-input\":{\"@type\":\"PropertyValueSpecification\",\"valueRequired\":true,\"valueName\":\"search_term_string\"}}],\"inLanguage\":\"en-US\"},{\"@type\":\"Person\",\"@id\":\"https:\/\/www.struka.hr\/en\/#\/schema\/person\/4d429f1f07565f151e493f0972c4a288\",\"name\":\"\u017deljko Habek\",\"image\":{\"@type\":\"ImageObject\",\"inLanguage\":\"en-US\",\"@id\":\"https:\/\/www.struka.hr\/en\/#\/schema\/person\/image\/\",\"url\":\"https:\/\/secure.gravatar.com\/avatar\/f568d1e26e0e73e63e35797410f39b2cbf347e78c0308f5ab2f12f040cf36cce?s=96&d=mm&r=g\",\"contentUrl\":\"https:\/\/secure.gravatar.com\/avatar\/f568d1e26e0e73e63e35797410f39b2cbf347e78c0308f5ab2f12f040cf36cce?s=96&d=mm&r=g\",\"caption\":\"\u017deljko Habek\"},\"url\":\"https:\/\/www.struka.hr\/en\/author\/zeljko\/\"}]}<\/script>\n<!-- \/ Yoast SEO plugin. -->","yoast_head_json":{"title":"\u017deljko Habek gave a lecture at the ERF - #STRUKA","robots":{"index":"index","follow":"follow","max-snippet":"max-snippet:-1","max-image-preview":"max-image-preview:large","max-video-preview":"max-video-preview:-1"},"canonical":"https:\/\/www.struka.hr\/en\/zeljko-habek-gave-a-lecture-at-the-erf\/","og_locale":"en_US","og_type":"article","og_title":"\u017deljko Habek gave a lecture at the ERF - #STRUKA","og_description":"On November 26th, at the Faculty of Education and Rehabilitation in Zagreb, \u017deljko Habek gave a lecture to fifth-year students entitled: \u201cApplication of augmented reality (XR) technologies in the education of people on the autism spectrum\u201d. The lecture promoted the Green ASC VET \u2013 Metautism project. Many thanks to Prof. Dr. Jasmina Sto\u0161i\u0107 and her","og_url":"https:\/\/www.struka.hr\/en\/zeljko-habek-gave-a-lecture-at-the-erf\/","og_site_name":"#STRUKA","article_published_time":"2024-11-26T10:39:00+00:00","article_modified_time":"2024-12-05T11:05:11+00:00","og_image":[{"url":"https:\/\/www.struka.hr\/wp-content\/uploads\/ERF_ZH-1170x694.jpg","type":"","width":"","height":""}],"author":"\u017deljko Habek","twitter_card":"summary_large_image","twitter_misc":{"Written by":"\u017deljko Habek"},"schema":{"@context":"https:\/\/schema.org","@graph":[{"@type":"WebPage","@id":"https:\/\/www.struka.hr\/en\/zeljko-habek-gave-a-lecture-at-the-erf\/","url":"https:\/\/www.struka.hr\/en\/zeljko-habek-gave-a-lecture-at-the-erf\/","name":"\u017deljko Habek gave a lecture at the ERF - #STRUKA","isPartOf":{"@id":"https:\/\/www.struka.hr\/en\/#website"},"primaryImageOfPage":{"@id":"https:\/\/www.struka.hr\/en\/zeljko-habek-gave-a-lecture-at-the-erf\/#primaryimage"},"image":{"@id":"https:\/\/www.struka.hr\/en\/zeljko-habek-gave-a-lecture-at-the-erf\/#primaryimage"},"thumbnailUrl":"https:\/\/www.struka.hr\/wp-content\/uploads\/ERF_ZH-1170x694.jpg","datePublished":"2024-11-26T10:39:00+00:00","dateModified":"2024-12-05T11:05:11+00:00","author":{"@id":"https:\/\/www.struka.hr\/en\/#\/schema\/person\/4d429f1f07565f151e493f0972c4a288"},"breadcrumb":{"@id":"https:\/\/www.struka.hr\/en\/zeljko-habek-gave-a-lecture-at-the-erf\/#breadcrumb"},"inLanguage":"en-US","potentialAction":[{"@type":"ReadAction","target":["https:\/\/www.struka.hr\/en\/zeljko-habek-gave-a-lecture-at-the-erf\/"]}]},{"@type":"ImageObject","inLanguage":"en-US","@id":"https:\/\/www.struka.hr\/en\/zeljko-habek-gave-a-lecture-at-the-erf\/#primaryimage","url":"https:\/\/www.struka.hr\/wp-content\/uploads\/ERF_ZH-1170x694.jpg","contentUrl":"https:\/\/www.struka.hr\/wp-content\/uploads\/ERF_ZH-1170x694.jpg"},{"@type":"BreadcrumbList","@id":"https:\/\/www.struka.hr\/en\/zeljko-habek-gave-a-lecture-at-the-erf\/#breadcrumb","itemListElement":[{"@type":"ListItem","position":1,"name":"Po\u010detna stranica","item":"https:\/\/www.struka.hr\/en\/"},{"@type":"ListItem","position":2,"name":"\u017deljko Habek gave a lecture at the ERF"}]},{"@type":"WebSite","@id":"https:\/\/www.struka.hr\/en\/#website","url":"https:\/\/www.struka.hr\/en\/","name":"#STRUKA","description":"Udruga za cjelo\u017eivotno strukovno obrazovanje","potentialAction":[{"@type":"SearchAction","target":{"@type":"EntryPoint","urlTemplate":"https:\/\/www.struka.hr\/en\/?s={search_term_string}"},"query-input":{"@type":"PropertyValueSpecification","valueRequired":true,"valueName":"search_term_string"}}],"inLanguage":"en-US"},{"@type":"Person","@id":"https:\/\/www.struka.hr\/en\/#\/schema\/person\/4d429f1f07565f151e493f0972c4a288","name":"\u017deljko Habek","image":{"@type":"ImageObject","inLanguage":"en-US","@id":"https:\/\/www.struka.hr\/en\/#\/schema\/person\/image\/","url":"https:\/\/secure.gravatar.com\/avatar\/f568d1e26e0e73e63e35797410f39b2cbf347e78c0308f5ab2f12f040cf36cce?s=96&d=mm&r=g","contentUrl":"https:\/\/secure.gravatar.com\/avatar\/f568d1e26e0e73e63e35797410f39b2cbf347e78c0308f5ab2f12f040cf36cce?s=96&d=mm&r=g","caption":"\u017deljko Habek"},"url":"https:\/\/www.struka.hr\/en\/author\/zeljko\/"}]}},"_links":{"self":[{"href":"https:\/\/www.struka.hr\/en\/wp-json\/wp\/v2\/posts\/14402","targetHints":{"allow":["GET"]}}],"collection":[{"href":"https:\/\/www.struka.hr\/en\/wp-json\/wp\/v2\/posts"}],"about":[{"href":"https:\/\/www.struka.hr\/en\/wp-json\/wp\/v2\/types\/post"}],"author":[{"embeddable":true,"href":"https:\/\/www.struka.hr\/en\/wp-json\/wp\/v2\/users\/2"}],"replies":[{"embeddable":true,"href":"https:\/\/www.struka.hr\/en\/wp-json\/wp\/v2\/comments?post=14402"}],"version-history":[{"count":1,"href":"https:\/\/www.struka.hr\/en\/wp-json\/wp\/v2\/posts\/14402\/revisions"}],"predecessor-version":[{"id":14403,"href":"https:\/\/www.struka.hr\/en\/wp-json\/wp\/v2\/posts\/14402\/revisions\/14403"}],"wp:attachment":[{"href":"https:\/\/www.struka.hr\/en\/wp-json\/wp\/v2\/media?parent=14402"}],"wp:term":[{"taxonomy":"category","embeddable":true,"href":"https:\/\/www.struka.hr\/en\/wp-json\/wp\/v2\/categories?post=14402"},{"taxonomy":"post_tag","embeddable":true,"href":"https:\/\/www.struka.hr\/en\/wp-json\/wp\/v2\/tags?post=14402"}],"curies":[{"name":"wp","href":"https:\/\/api.w.org\/{rel}","templated":true}]}}