{"id":14354,"date":"2024-10-15T22:10:00","date_gmt":"2024-10-15T20:10:00","guid":{"rendered":"https:\/\/www.struka.hr\/?p=14354"},"modified":"2024-11-01T22:14:23","modified_gmt":"2024-11-01T21:14:23","slug":"erasmus-days-erasmus-cafe-in-slavonski-brod","status":"publish","type":"post","link":"https:\/\/www.struka.hr\/en\/erasmus-days-erasmus-cafe-in-slavonski-brod\/","title":{"rendered":"Erasmus days &#8211; Erasmus cafe in Slavonski Brod"},"content":{"rendered":"\n<p>Three Erasmus+ projects in implementation right now: Green ASC VET &#8211; Metautism, FOR-GEN-LEARN and TEPIH.<br>Three associations: #STRUKA, EKO BREZNA and REGO\u010c.<br>Two partners: Industrijsko-obrtni\u010dka \u0161kola Slavonski Brod and radio 92FM.<br>Marketing support.<br>Lidija Vukojevic, \u017daklina \u010ciri\u0107, Mirjana Jakov\u010dev, Tin Horvatin, Klara Tuli\u010di\u0107, Edita Margeta, Irena Vukas \u00c7ufalar and \u017deljko Habek.<br>Pleasant conversations about project implementation, quality and dissemination of project results.<br>Priorities covered: inclusion and diversity, digital transformation,<br>the environment and the fight against climate change and common values.<br>If it were not for Erasmus support, our ideas would not have been implemented.<\/p>\n\n\n\n<figure class=\"wp-block-image size-large\"><img fetchpriority=\"high\" decoding=\"async\" width=\"1170\" height=\"694\" src=\"https:\/\/www.struka.hr\/wp-content\/uploads\/Erasmus-days_2024._jpg-1170x694.jpg\" alt=\"\" class=\"wp-image-14355\" srcset=\"https:\/\/www.struka.hr\/wp-content\/uploads\/Erasmus-days_2024._jpg-1170x694.jpg 1170w, https:\/\/www.struka.hr\/wp-content\/uploads\/Erasmus-days_2024._jpg-768x456.jpg 768w\" sizes=\"(max-width: 1170px) 100vw, 1170px\" \/><\/figure>\n","protected":false},"excerpt":{"rendered":"<p>Three Erasmus+ projects in implementation right now: Green ASC VET &#8211; Metautism, FOR-GEN-LEARN and TEPIH.Three associations: #STRUKA, EKO BREZNA and REGO\u010c.Two partners: Industrijsko-obrtni\u010dka \u0161kola Slavonski Brod and radio 92FM.Marketing support.Lidija Vukojevic, \u017daklina \u010ciri\u0107, Mirjana Jakov\u010dev, Tin Horvatin, Klara Tuli\u010di\u0107, Edita Margeta, Irena Vukas \u00c7ufalar and \u017deljko Habek.Pleasant conversations about project implementation, quality and dissemination of<\/p>\n","protected":false},"author":2,"featured_media":0,"comment_status":"closed","ping_status":"closed","sticky":false,"template":"","format":"standard","meta":{"footnotes":""},"categories":[46],"tags":[],"class_list":["post-14354","post","type-post","status-publish","format-standard","hentry","category-updates"],"yoast_head":"<!-- This site is optimized with the Yoast SEO plugin v26.6 - https:\/\/yoast.com\/wordpress\/plugins\/seo\/ -->\n<title>Erasmus days - Erasmus cafe in Slavonski Brod - #STRUKA<\/title>\n<meta name=\"robots\" content=\"index, follow, max-snippet:-1, max-image-preview:large, max-video-preview:-1\" \/>\n<link rel=\"canonical\" href=\"https:\/\/www.struka.hr\/en\/erasmus-days-erasmus-cafe-in-slavonski-brod\/\" \/>\n<meta property=\"og:locale\" content=\"en_US\" \/>\n<meta property=\"og:type\" content=\"article\" \/>\n<meta property=\"og:title\" content=\"Erasmus days - Erasmus cafe in Slavonski Brod - #STRUKA\" \/>\n<meta property=\"og:description\" content=\"Three Erasmus+ projects in implementation right now: Green ASC VET &#8211; Metautism, FOR-GEN-LEARN and TEPIH.Three associations: #STRUKA, EKO BREZNA and REGO\u010c.Two partners: Industrijsko-obrtni\u010dka \u0161kola Slavonski Brod and radio 92FM.Marketing support.Lidija Vukojevic, \u017daklina \u010ciri\u0107, Mirjana Jakov\u010dev, Tin Horvatin, Klara Tuli\u010di\u0107, Edita Margeta, Irena Vukas \u00c7ufalar and \u017deljko Habek.Pleasant conversations about project implementation, quality and dissemination of\" \/>\n<meta property=\"og:url\" content=\"https:\/\/www.struka.hr\/en\/erasmus-days-erasmus-cafe-in-slavonski-brod\/\" \/>\n<meta property=\"og:site_name\" content=\"#STRUKA\" \/>\n<meta property=\"article:published_time\" content=\"2024-10-15T20:10:00+00:00\" \/>\n<meta property=\"article:modified_time\" content=\"2024-11-01T21:14:23+00:00\" \/>\n<meta property=\"og:image\" content=\"https:\/\/www.struka.hr\/wp-content\/uploads\/Erasmus-days_2024._jpg-1170x694.jpg\" \/>\n<meta name=\"author\" content=\"\u017deljko Habek\" \/>\n<meta name=\"twitter:card\" content=\"summary_large_image\" \/>\n<meta name=\"twitter:label1\" content=\"Written by\" \/>\n\t<meta name=\"twitter:data1\" content=\"\u017deljko Habek\" \/>\n<script type=\"application\/ld+json\" class=\"yoast-schema-graph\">{\"@context\":\"https:\/\/schema.org\",\"@graph\":[{\"@type\":\"WebPage\",\"@id\":\"https:\/\/www.struka.hr\/en\/erasmus-days-erasmus-cafe-in-slavonski-brod\/\",\"url\":\"https:\/\/www.struka.hr\/en\/erasmus-days-erasmus-cafe-in-slavonski-brod\/\",\"name\":\"Erasmus days - Erasmus cafe in Slavonski Brod - #STRUKA\",\"isPartOf\":{\"@id\":\"https:\/\/www.struka.hr\/en\/#website\"},\"primaryImageOfPage\":{\"@id\":\"https:\/\/www.struka.hr\/en\/erasmus-days-erasmus-cafe-in-slavonski-brod\/#primaryimage\"},\"image\":{\"@id\":\"https:\/\/www.struka.hr\/en\/erasmus-days-erasmus-cafe-in-slavonski-brod\/#primaryimage\"},\"thumbnailUrl\":\"https:\/\/www.struka.hr\/wp-content\/uploads\/Erasmus-days_2024._jpg-1170x694.jpg\",\"datePublished\":\"2024-10-15T20:10:00+00:00\",\"dateModified\":\"2024-11-01T21:14:23+00:00\",\"author\":{\"@id\":\"https:\/\/www.struka.hr\/en\/#\/schema\/person\/4d429f1f07565f151e493f0972c4a288\"},\"breadcrumb\":{\"@id\":\"https:\/\/www.struka.hr\/en\/erasmus-days-erasmus-cafe-in-slavonski-brod\/#breadcrumb\"},\"inLanguage\":\"en-US\",\"potentialAction\":[{\"@type\":\"ReadAction\",\"target\":[\"https:\/\/www.struka.hr\/en\/erasmus-days-erasmus-cafe-in-slavonski-brod\/\"]}]},{\"@type\":\"ImageObject\",\"inLanguage\":\"en-US\",\"@id\":\"https:\/\/www.struka.hr\/en\/erasmus-days-erasmus-cafe-in-slavonski-brod\/#primaryimage\",\"url\":\"https:\/\/www.struka.hr\/wp-content\/uploads\/Erasmus-days_2024._jpg-1170x694.jpg\",\"contentUrl\":\"https:\/\/www.struka.hr\/wp-content\/uploads\/Erasmus-days_2024._jpg-1170x694.jpg\"},{\"@type\":\"BreadcrumbList\",\"@id\":\"https:\/\/www.struka.hr\/en\/erasmus-days-erasmus-cafe-in-slavonski-brod\/#breadcrumb\",\"itemListElement\":[{\"@type\":\"ListItem\",\"position\":1,\"name\":\"Po\u010detna stranica\",\"item\":\"https:\/\/www.struka.hr\/en\/\"},{\"@type\":\"ListItem\",\"position\":2,\"name\":\"Erasmus days &#8211; Erasmus cafe in Slavonski Brod\"}]},{\"@type\":\"WebSite\",\"@id\":\"https:\/\/www.struka.hr\/en\/#website\",\"url\":\"https:\/\/www.struka.hr\/en\/\",\"name\":\"#STRUKA\",\"description\":\"Udruga za cjelo\u017eivotno strukovno obrazovanje\",\"potentialAction\":[{\"@type\":\"SearchAction\",\"target\":{\"@type\":\"EntryPoint\",\"urlTemplate\":\"https:\/\/www.struka.hr\/en\/?s={search_term_string}\"},\"query-input\":{\"@type\":\"PropertyValueSpecification\",\"valueRequired\":true,\"valueName\":\"search_term_string\"}}],\"inLanguage\":\"en-US\"},{\"@type\":\"Person\",\"@id\":\"https:\/\/www.struka.hr\/en\/#\/schema\/person\/4d429f1f07565f151e493f0972c4a288\",\"name\":\"\u017deljko Habek\",\"image\":{\"@type\":\"ImageObject\",\"inLanguage\":\"en-US\",\"@id\":\"https:\/\/www.struka.hr\/en\/#\/schema\/person\/image\/\",\"url\":\"https:\/\/secure.gravatar.com\/avatar\/f568d1e26e0e73e63e35797410f39b2cbf347e78c0308f5ab2f12f040cf36cce?s=96&d=mm&r=g\",\"contentUrl\":\"https:\/\/secure.gravatar.com\/avatar\/f568d1e26e0e73e63e35797410f39b2cbf347e78c0308f5ab2f12f040cf36cce?s=96&d=mm&r=g\",\"caption\":\"\u017deljko Habek\"},\"url\":\"https:\/\/www.struka.hr\/en\/author\/zeljko\/\"}]}<\/script>\n<!-- \/ Yoast SEO plugin. -->","yoast_head_json":{"title":"Erasmus days - Erasmus cafe in Slavonski Brod - #STRUKA","robots":{"index":"index","follow":"follow","max-snippet":"max-snippet:-1","max-image-preview":"max-image-preview:large","max-video-preview":"max-video-preview:-1"},"canonical":"https:\/\/www.struka.hr\/en\/erasmus-days-erasmus-cafe-in-slavonski-brod\/","og_locale":"en_US","og_type":"article","og_title":"Erasmus days - Erasmus cafe in Slavonski Brod - #STRUKA","og_description":"Three Erasmus+ projects in implementation right now: Green ASC VET &#8211; Metautism, FOR-GEN-LEARN and TEPIH.Three associations: #STRUKA, EKO BREZNA and REGO\u010c.Two partners: Industrijsko-obrtni\u010dka \u0161kola Slavonski Brod and radio 92FM.Marketing support.Lidija Vukojevic, \u017daklina \u010ciri\u0107, Mirjana Jakov\u010dev, Tin Horvatin, Klara Tuli\u010di\u0107, Edita Margeta, Irena Vukas \u00c7ufalar and \u017deljko Habek.Pleasant conversations about project implementation, quality and dissemination of","og_url":"https:\/\/www.struka.hr\/en\/erasmus-days-erasmus-cafe-in-slavonski-brod\/","og_site_name":"#STRUKA","article_published_time":"2024-10-15T20:10:00+00:00","article_modified_time":"2024-11-01T21:14:23+00:00","og_image":[{"url":"https:\/\/www.struka.hr\/wp-content\/uploads\/Erasmus-days_2024._jpg-1170x694.jpg","type":"","width":"","height":""}],"author":"\u017deljko Habek","twitter_card":"summary_large_image","twitter_misc":{"Written by":"\u017deljko Habek"},"schema":{"@context":"https:\/\/schema.org","@graph":[{"@type":"WebPage","@id":"https:\/\/www.struka.hr\/en\/erasmus-days-erasmus-cafe-in-slavonski-brod\/","url":"https:\/\/www.struka.hr\/en\/erasmus-days-erasmus-cafe-in-slavonski-brod\/","name":"Erasmus days - Erasmus cafe in Slavonski Brod - #STRUKA","isPartOf":{"@id":"https:\/\/www.struka.hr\/en\/#website"},"primaryImageOfPage":{"@id":"https:\/\/www.struka.hr\/en\/erasmus-days-erasmus-cafe-in-slavonski-brod\/#primaryimage"},"image":{"@id":"https:\/\/www.struka.hr\/en\/erasmus-days-erasmus-cafe-in-slavonski-brod\/#primaryimage"},"thumbnailUrl":"https:\/\/www.struka.hr\/wp-content\/uploads\/Erasmus-days_2024._jpg-1170x694.jpg","datePublished":"2024-10-15T20:10:00+00:00","dateModified":"2024-11-01T21:14:23+00:00","author":{"@id":"https:\/\/www.struka.hr\/en\/#\/schema\/person\/4d429f1f07565f151e493f0972c4a288"},"breadcrumb":{"@id":"https:\/\/www.struka.hr\/en\/erasmus-days-erasmus-cafe-in-slavonski-brod\/#breadcrumb"},"inLanguage":"en-US","potentialAction":[{"@type":"ReadAction","target":["https:\/\/www.struka.hr\/en\/erasmus-days-erasmus-cafe-in-slavonski-brod\/"]}]},{"@type":"ImageObject","inLanguage":"en-US","@id":"https:\/\/www.struka.hr\/en\/erasmus-days-erasmus-cafe-in-slavonski-brod\/#primaryimage","url":"https:\/\/www.struka.hr\/wp-content\/uploads\/Erasmus-days_2024._jpg-1170x694.jpg","contentUrl":"https:\/\/www.struka.hr\/wp-content\/uploads\/Erasmus-days_2024._jpg-1170x694.jpg"},{"@type":"BreadcrumbList","@id":"https:\/\/www.struka.hr\/en\/erasmus-days-erasmus-cafe-in-slavonski-brod\/#breadcrumb","itemListElement":[{"@type":"ListItem","position":1,"name":"Po\u010detna stranica","item":"https:\/\/www.struka.hr\/en\/"},{"@type":"ListItem","position":2,"name":"Erasmus days &#8211; Erasmus cafe in Slavonski Brod"}]},{"@type":"WebSite","@id":"https:\/\/www.struka.hr\/en\/#website","url":"https:\/\/www.struka.hr\/en\/","name":"#STRUKA","description":"Udruga za cjelo\u017eivotno strukovno obrazovanje","potentialAction":[{"@type":"SearchAction","target":{"@type":"EntryPoint","urlTemplate":"https:\/\/www.struka.hr\/en\/?s={search_term_string}"},"query-input":{"@type":"PropertyValueSpecification","valueRequired":true,"valueName":"search_term_string"}}],"inLanguage":"en-US"},{"@type":"Person","@id":"https:\/\/www.struka.hr\/en\/#\/schema\/person\/4d429f1f07565f151e493f0972c4a288","name":"\u017deljko Habek","image":{"@type":"ImageObject","inLanguage":"en-US","@id":"https:\/\/www.struka.hr\/en\/#\/schema\/person\/image\/","url":"https:\/\/secure.gravatar.com\/avatar\/f568d1e26e0e73e63e35797410f39b2cbf347e78c0308f5ab2f12f040cf36cce?s=96&d=mm&r=g","contentUrl":"https:\/\/secure.gravatar.com\/avatar\/f568d1e26e0e73e63e35797410f39b2cbf347e78c0308f5ab2f12f040cf36cce?s=96&d=mm&r=g","caption":"\u017deljko Habek"},"url":"https:\/\/www.struka.hr\/en\/author\/zeljko\/"}]}},"_links":{"self":[{"href":"https:\/\/www.struka.hr\/en\/wp-json\/wp\/v2\/posts\/14354","targetHints":{"allow":["GET"]}}],"collection":[{"href":"https:\/\/www.struka.hr\/en\/wp-json\/wp\/v2\/posts"}],"about":[{"href":"https:\/\/www.struka.hr\/en\/wp-json\/wp\/v2\/types\/post"}],"author":[{"embeddable":true,"href":"https:\/\/www.struka.hr\/en\/wp-json\/wp\/v2\/users\/2"}],"replies":[{"embeddable":true,"href":"https:\/\/www.struka.hr\/en\/wp-json\/wp\/v2\/comments?post=14354"}],"version-history":[{"count":1,"href":"https:\/\/www.struka.hr\/en\/wp-json\/wp\/v2\/posts\/14354\/revisions"}],"predecessor-version":[{"id":14357,"href":"https:\/\/www.struka.hr\/en\/wp-json\/wp\/v2\/posts\/14354\/revisions\/14357"}],"wp:attachment":[{"href":"https:\/\/www.struka.hr\/en\/wp-json\/wp\/v2\/media?parent=14354"}],"wp:term":[{"taxonomy":"category","embeddable":true,"href":"https:\/\/www.struka.hr\/en\/wp-json\/wp\/v2\/categories?post=14354"},{"taxonomy":"post_tag","embeddable":true,"href":"https:\/\/www.struka.hr\/en\/wp-json\/wp\/v2\/tags?post=14354"}],"curies":[{"name":"wp","href":"https:\/\/api.w.org\/{rel}","templated":true}]}}