{"id":14341,"date":"2024-10-03T21:39:00","date_gmt":"2024-10-03T19:39:00","guid":{"rendered":"https:\/\/www.struka.hr\/?p=14341"},"modified":"2024-11-01T21:43:13","modified_gmt":"2024-11-01T20:43:13","slug":"radio-show-metautism-7","status":"publish","type":"post","link":"https:\/\/www.struka.hr\/en\/radio-show-metautism-7\/","title":{"rendered":"Radio show Metautism #7"},"content":{"rendered":"\n<p>Snjezana \u010cop is a guest on the radio show, and we talk about how to successfully deal with challenges from the autism spectrum. The proof is her son Petar.\ud83d\udcaa\ud83d\udcab<br>This is a story about the spectrum of love, and we can&#8217;t wait to try Peter&#8217;s pasta.<\/p>\n\n\n\n<figure class=\"wp-block-embed is-type-video is-provider-youtube wp-block-embed-youtube wp-embed-aspect-16-9 wp-has-aspect-ratio\"><div class=\"wp-block-embed__wrapper\">\n<iframe title=\"Snje\u017eana \u010cop iz Udruge &quot;Zvon\u010di\u0107i&quot; | Metautizam emisija 03.10.2024.\" width=\"500\" height=\"281\" src=\"https:\/\/www.youtube.com\/embed\/j-ZAv1BkFtA?list=PLN69zBJ5kkcLvNNur4jSzCrDreS6jVW4X\" frameborder=\"0\" allow=\"accelerometer; autoplay; clipboard-write; encrypted-media; gyroscope; picture-in-picture; web-share\" referrerpolicy=\"strict-origin-when-cross-origin\" allowfullscreen><\/iframe>\n<\/div><\/figure>\n","protected":false},"excerpt":{"rendered":"<p>Snjezana \u010cop is a guest on the radio show, and we talk about how to successfully deal with challenges from the autism spectrum. The proof is her son Petar.\ud83d\udcaa\ud83d\udcabThis is a story about the spectrum of love, and we can&#8217;t wait to try Peter&#8217;s pasta.<\/p>\n","protected":false},"author":2,"featured_media":0,"comment_status":"closed","ping_status":"closed","sticky":false,"template":"","format":"standard","meta":{"footnotes":""},"categories":[46],"tags":[],"class_list":["post-14341","post","type-post","status-publish","format-standard","hentry","category-updates"],"yoast_head":"<!-- This site is optimized with the Yoast SEO plugin v26.6 - https:\/\/yoast.com\/wordpress\/plugins\/seo\/ -->\n<title>Radio show Metautism #7 - #STRUKA<\/title>\n<meta name=\"robots\" content=\"index, follow, max-snippet:-1, max-image-preview:large, max-video-preview:-1\" \/>\n<link rel=\"canonical\" href=\"https:\/\/www.struka.hr\/en\/radio-show-metautism-7\/\" \/>\n<meta property=\"og:locale\" content=\"en_US\" \/>\n<meta property=\"og:type\" content=\"article\" \/>\n<meta property=\"og:title\" content=\"Radio show Metautism #7 - #STRUKA\" \/>\n<meta property=\"og:description\" content=\"Snjezana \u010cop is a guest on the radio show, and we talk about how to successfully deal with challenges from the autism spectrum. The proof is her son Petar.\ud83d\udcaa\ud83d\udcabThis is a story about the spectrum of love, and we can&#8217;t wait to try Peter&#8217;s pasta.\" \/>\n<meta property=\"og:url\" content=\"https:\/\/www.struka.hr\/en\/radio-show-metautism-7\/\" \/>\n<meta property=\"og:site_name\" content=\"#STRUKA\" \/>\n<meta property=\"article:published_time\" content=\"2024-10-03T19:39:00+00:00\" \/>\n<meta property=\"article:modified_time\" content=\"2024-11-01T20:43:13+00:00\" \/>\n<meta name=\"author\" content=\"\u017deljko Habek\" \/>\n<meta name=\"twitter:card\" content=\"summary_large_image\" \/>\n<meta name=\"twitter:label1\" content=\"Written by\" \/>\n\t<meta name=\"twitter:data1\" content=\"\u017deljko Habek\" \/>\n<script type=\"application\/ld+json\" class=\"yoast-schema-graph\">{\"@context\":\"https:\/\/schema.org\",\"@graph\":[{\"@type\":\"WebPage\",\"@id\":\"https:\/\/www.struka.hr\/en\/radio-show-metautism-7\/\",\"url\":\"https:\/\/www.struka.hr\/en\/radio-show-metautism-7\/\",\"name\":\"Radio show Metautism #7 - #STRUKA\",\"isPartOf\":{\"@id\":\"https:\/\/www.struka.hr\/en\/#website\"},\"datePublished\":\"2024-10-03T19:39:00+00:00\",\"dateModified\":\"2024-11-01T20:43:13+00:00\",\"author\":{\"@id\":\"https:\/\/www.struka.hr\/en\/#\/schema\/person\/4d429f1f07565f151e493f0972c4a288\"},\"breadcrumb\":{\"@id\":\"https:\/\/www.struka.hr\/en\/radio-show-metautism-7\/#breadcrumb\"},\"inLanguage\":\"en-US\",\"potentialAction\":[{\"@type\":\"ReadAction\",\"target\":[\"https:\/\/www.struka.hr\/en\/radio-show-metautism-7\/\"]}]},{\"@type\":\"BreadcrumbList\",\"@id\":\"https:\/\/www.struka.hr\/en\/radio-show-metautism-7\/#breadcrumb\",\"itemListElement\":[{\"@type\":\"ListItem\",\"position\":1,\"name\":\"Po\u010detna stranica\",\"item\":\"https:\/\/www.struka.hr\/en\/\"},{\"@type\":\"ListItem\",\"position\":2,\"name\":\"Radio show Metautism #7\"}]},{\"@type\":\"WebSite\",\"@id\":\"https:\/\/www.struka.hr\/en\/#website\",\"url\":\"https:\/\/www.struka.hr\/en\/\",\"name\":\"#STRUKA\",\"description\":\"Udruga za cjelo\u017eivotno strukovno obrazovanje\",\"potentialAction\":[{\"@type\":\"SearchAction\",\"target\":{\"@type\":\"EntryPoint\",\"urlTemplate\":\"https:\/\/www.struka.hr\/en\/?s={search_term_string}\"},\"query-input\":{\"@type\":\"PropertyValueSpecification\",\"valueRequired\":true,\"valueName\":\"search_term_string\"}}],\"inLanguage\":\"en-US\"},{\"@type\":\"Person\",\"@id\":\"https:\/\/www.struka.hr\/en\/#\/schema\/person\/4d429f1f07565f151e493f0972c4a288\",\"name\":\"\u017deljko Habek\",\"image\":{\"@type\":\"ImageObject\",\"inLanguage\":\"en-US\",\"@id\":\"https:\/\/www.struka.hr\/en\/#\/schema\/person\/image\/\",\"url\":\"https:\/\/secure.gravatar.com\/avatar\/f568d1e26e0e73e63e35797410f39b2cbf347e78c0308f5ab2f12f040cf36cce?s=96&d=mm&r=g\",\"contentUrl\":\"https:\/\/secure.gravatar.com\/avatar\/f568d1e26e0e73e63e35797410f39b2cbf347e78c0308f5ab2f12f040cf36cce?s=96&d=mm&r=g\",\"caption\":\"\u017deljko Habek\"},\"url\":\"https:\/\/www.struka.hr\/en\/author\/zeljko\/\"}]}<\/script>\n<!-- \/ Yoast SEO plugin. -->","yoast_head_json":{"title":"Radio show Metautism #7 - #STRUKA","robots":{"index":"index","follow":"follow","max-snippet":"max-snippet:-1","max-image-preview":"max-image-preview:large","max-video-preview":"max-video-preview:-1"},"canonical":"https:\/\/www.struka.hr\/en\/radio-show-metautism-7\/","og_locale":"en_US","og_type":"article","og_title":"Radio show Metautism #7 - #STRUKA","og_description":"Snjezana \u010cop is a guest on the radio show, and we talk about how to successfully deal with challenges from the autism spectrum. The proof is her son Petar.\ud83d\udcaa\ud83d\udcabThis is a story about the spectrum of love, and we can&#8217;t wait to try Peter&#8217;s pasta.","og_url":"https:\/\/www.struka.hr\/en\/radio-show-metautism-7\/","og_site_name":"#STRUKA","article_published_time":"2024-10-03T19:39:00+00:00","article_modified_time":"2024-11-01T20:43:13+00:00","author":"\u017deljko Habek","twitter_card":"summary_large_image","twitter_misc":{"Written by":"\u017deljko Habek"},"schema":{"@context":"https:\/\/schema.org","@graph":[{"@type":"WebPage","@id":"https:\/\/www.struka.hr\/en\/radio-show-metautism-7\/","url":"https:\/\/www.struka.hr\/en\/radio-show-metautism-7\/","name":"Radio show Metautism #7 - #STRUKA","isPartOf":{"@id":"https:\/\/www.struka.hr\/en\/#website"},"datePublished":"2024-10-03T19:39:00+00:00","dateModified":"2024-11-01T20:43:13+00:00","author":{"@id":"https:\/\/www.struka.hr\/en\/#\/schema\/person\/4d429f1f07565f151e493f0972c4a288"},"breadcrumb":{"@id":"https:\/\/www.struka.hr\/en\/radio-show-metautism-7\/#breadcrumb"},"inLanguage":"en-US","potentialAction":[{"@type":"ReadAction","target":["https:\/\/www.struka.hr\/en\/radio-show-metautism-7\/"]}]},{"@type":"BreadcrumbList","@id":"https:\/\/www.struka.hr\/en\/radio-show-metautism-7\/#breadcrumb","itemListElement":[{"@type":"ListItem","position":1,"name":"Po\u010detna stranica","item":"https:\/\/www.struka.hr\/en\/"},{"@type":"ListItem","position":2,"name":"Radio show Metautism #7"}]},{"@type":"WebSite","@id":"https:\/\/www.struka.hr\/en\/#website","url":"https:\/\/www.struka.hr\/en\/","name":"#STRUKA","description":"Udruga za cjelo\u017eivotno strukovno obrazovanje","potentialAction":[{"@type":"SearchAction","target":{"@type":"EntryPoint","urlTemplate":"https:\/\/www.struka.hr\/en\/?s={search_term_string}"},"query-input":{"@type":"PropertyValueSpecification","valueRequired":true,"valueName":"search_term_string"}}],"inLanguage":"en-US"},{"@type":"Person","@id":"https:\/\/www.struka.hr\/en\/#\/schema\/person\/4d429f1f07565f151e493f0972c4a288","name":"\u017deljko Habek","image":{"@type":"ImageObject","inLanguage":"en-US","@id":"https:\/\/www.struka.hr\/en\/#\/schema\/person\/image\/","url":"https:\/\/secure.gravatar.com\/avatar\/f568d1e26e0e73e63e35797410f39b2cbf347e78c0308f5ab2f12f040cf36cce?s=96&d=mm&r=g","contentUrl":"https:\/\/secure.gravatar.com\/avatar\/f568d1e26e0e73e63e35797410f39b2cbf347e78c0308f5ab2f12f040cf36cce?s=96&d=mm&r=g","caption":"\u017deljko Habek"},"url":"https:\/\/www.struka.hr\/en\/author\/zeljko\/"}]}},"_links":{"self":[{"href":"https:\/\/www.struka.hr\/en\/wp-json\/wp\/v2\/posts\/14341","targetHints":{"allow":["GET"]}}],"collection":[{"href":"https:\/\/www.struka.hr\/en\/wp-json\/wp\/v2\/posts"}],"about":[{"href":"https:\/\/www.struka.hr\/en\/wp-json\/wp\/v2\/types\/post"}],"author":[{"embeddable":true,"href":"https:\/\/www.struka.hr\/en\/wp-json\/wp\/v2\/users\/2"}],"replies":[{"embeddable":true,"href":"https:\/\/www.struka.hr\/en\/wp-json\/wp\/v2\/comments?post=14341"}],"version-history":[{"count":1,"href":"https:\/\/www.struka.hr\/en\/wp-json\/wp\/v2\/posts\/14341\/revisions"}],"predecessor-version":[{"id":14343,"href":"https:\/\/www.struka.hr\/en\/wp-json\/wp\/v2\/posts\/14341\/revisions\/14343"}],"wp:attachment":[{"href":"https:\/\/www.struka.hr\/en\/wp-json\/wp\/v2\/media?parent=14341"}],"wp:term":[{"taxonomy":"category","embeddable":true,"href":"https:\/\/www.struka.hr\/en\/wp-json\/wp\/v2\/categories?post=14341"},{"taxonomy":"post_tag","embeddable":true,"href":"https:\/\/www.struka.hr\/en\/wp-json\/wp\/v2\/tags?post=14341"}],"curies":[{"name":"wp","href":"https:\/\/api.w.org\/{rel}","templated":true}]}}