{"id":13324,"date":"2022-03-11T22:26:50","date_gmt":"2022-03-11T21:26:50","guid":{"rendered":"https:\/\/www.struka.hr\/?p=13324"},"modified":"2022-03-13T11:20:16","modified_gmt":"2022-03-13T10:20:16","slug":"welders-shortage","status":"publish","type":"post","link":"https:\/\/www.struka.hr\/en\/welders-shortage\/","title":{"rendered":"WELDERS SHORTAGE"},"content":{"rendered":"\n<p>Today, at the Industrial and Trade School in Slavonski Brod, at the request of the Croatian Welding Societyy (CWS), a meeting was held to discuss the lack of welders in the labor market and activities that should be carried out to alleviate this problem. Along with the host, the meeting was attended by representatives of \u0110\u0110 TEP, \u0110\u0110 Monta\u017ea and the association STRUKA. On behalf of CWS, the meeting was attended by prof.dr. Ivan Juraga, editor of the magazine Zavarivanje and Franjo Javor, member of the Executive Board of CWS.<br>After the meeting, the participants visited the welding schools Industrial and Trade School in Slavonski Brod and \u0110\u0110 Monta\u017ea.<\/p>\n\n\n\n<figure class=\"wp-block-image size-large\"><img fetchpriority=\"high\" decoding=\"async\" width=\"1170\" height=\"694\" src=\"https:\/\/www.struka.hr\/wp-content\/uploads\/20220311_110929-1170x694.jpg\" alt=\"\" class=\"wp-image-13325\" srcset=\"https:\/\/www.struka.hr\/wp-content\/uploads\/20220311_110929-1170x694.jpg 1170w, https:\/\/www.struka.hr\/wp-content\/uploads\/20220311_110929-768x456.jpg 768w\" sizes=\"(max-width: 1170px) 100vw, 1170px\" \/><\/figure>\n","protected":false},"excerpt":{"rendered":"<p>Today, at the Industrial and Trade School in Slavonski Brod, at the request of the Croatian Welding Societyy (CWS), a meeting was held to discuss the lack of welders in the labor market and activities that should be carried out to alleviate this problem. Along with the host, the meeting was attended by representatives of<\/p>\n","protected":false},"author":2,"featured_media":0,"comment_status":"closed","ping_status":"closed","sticky":false,"template":"","format":"standard","meta":{"footnotes":""},"categories":[46],"tags":[],"class_list":["post-13324","post","type-post","status-publish","format-standard","hentry","category-updates"],"yoast_head":"<!-- This site is optimized with the Yoast SEO plugin v26.6 - https:\/\/yoast.com\/wordpress\/plugins\/seo\/ -->\n<title>WELDERS SHORTAGE - #STRUKA<\/title>\n<meta name=\"robots\" content=\"index, follow, max-snippet:-1, max-image-preview:large, max-video-preview:-1\" \/>\n<link rel=\"canonical\" href=\"https:\/\/www.struka.hr\/en\/welders-shortage\/\" \/>\n<meta property=\"og:locale\" content=\"en_US\" \/>\n<meta property=\"og:type\" content=\"article\" \/>\n<meta property=\"og:title\" content=\"WELDERS SHORTAGE - #STRUKA\" \/>\n<meta property=\"og:description\" content=\"Today, at the Industrial and Trade School in Slavonski Brod, at the request of the Croatian Welding Societyy (CWS), a meeting was held to discuss the lack of welders in the labor market and activities that should be carried out to alleviate this problem. Along with the host, the meeting was attended by representatives of\" \/>\n<meta property=\"og:url\" content=\"https:\/\/www.struka.hr\/en\/welders-shortage\/\" \/>\n<meta property=\"og:site_name\" content=\"#STRUKA\" \/>\n<meta property=\"article:published_time\" content=\"2022-03-11T21:26:50+00:00\" \/>\n<meta property=\"article:modified_time\" content=\"2022-03-13T10:20:16+00:00\" \/>\n<meta property=\"og:image\" content=\"https:\/\/www.struka.hr\/wp-content\/uploads\/20220311_110929-1170x694.jpg\" \/>\n<meta name=\"author\" content=\"\u017deljko Habek\" \/>\n<meta name=\"twitter:card\" content=\"summary_large_image\" \/>\n<meta name=\"twitter:label1\" content=\"Written by\" \/>\n\t<meta name=\"twitter:data1\" content=\"\u017deljko Habek\" \/>\n\t<meta name=\"twitter:label2\" content=\"Est. reading time\" \/>\n\t<meta name=\"twitter:data2\" content=\"1 minute\" \/>\n<script type=\"application\/ld+json\" class=\"yoast-schema-graph\">{\"@context\":\"https:\/\/schema.org\",\"@graph\":[{\"@type\":\"WebPage\",\"@id\":\"https:\/\/www.struka.hr\/en\/welders-shortage\/\",\"url\":\"https:\/\/www.struka.hr\/en\/welders-shortage\/\",\"name\":\"WELDERS SHORTAGE - #STRUKA\",\"isPartOf\":{\"@id\":\"https:\/\/www.struka.hr\/en\/#website\"},\"primaryImageOfPage\":{\"@id\":\"https:\/\/www.struka.hr\/en\/welders-shortage\/#primaryimage\"},\"image\":{\"@id\":\"https:\/\/www.struka.hr\/en\/welders-shortage\/#primaryimage\"},\"thumbnailUrl\":\"https:\/\/www.struka.hr\/wp-content\/uploads\/20220311_110929-1170x694.jpg\",\"datePublished\":\"2022-03-11T21:26:50+00:00\",\"dateModified\":\"2022-03-13T10:20:16+00:00\",\"author\":{\"@id\":\"https:\/\/www.struka.hr\/en\/#\/schema\/person\/4d429f1f07565f151e493f0972c4a288\"},\"breadcrumb\":{\"@id\":\"https:\/\/www.struka.hr\/en\/welders-shortage\/#breadcrumb\"},\"inLanguage\":\"en-US\",\"potentialAction\":[{\"@type\":\"ReadAction\",\"target\":[\"https:\/\/www.struka.hr\/en\/welders-shortage\/\"]}]},{\"@type\":\"ImageObject\",\"inLanguage\":\"en-US\",\"@id\":\"https:\/\/www.struka.hr\/en\/welders-shortage\/#primaryimage\",\"url\":\"https:\/\/www.struka.hr\/wp-content\/uploads\/20220311_110929-1170x694.jpg\",\"contentUrl\":\"https:\/\/www.struka.hr\/wp-content\/uploads\/20220311_110929-1170x694.jpg\"},{\"@type\":\"BreadcrumbList\",\"@id\":\"https:\/\/www.struka.hr\/en\/welders-shortage\/#breadcrumb\",\"itemListElement\":[{\"@type\":\"ListItem\",\"position\":1,\"name\":\"Po\u010detna stranica\",\"item\":\"https:\/\/www.struka.hr\/en\/\"},{\"@type\":\"ListItem\",\"position\":2,\"name\":\"WELDERS SHORTAGE\"}]},{\"@type\":\"WebSite\",\"@id\":\"https:\/\/www.struka.hr\/en\/#website\",\"url\":\"https:\/\/www.struka.hr\/en\/\",\"name\":\"#STRUKA\",\"description\":\"Udruga za cjelo\u017eivotno strukovno obrazovanje\",\"potentialAction\":[{\"@type\":\"SearchAction\",\"target\":{\"@type\":\"EntryPoint\",\"urlTemplate\":\"https:\/\/www.struka.hr\/en\/?s={search_term_string}\"},\"query-input\":{\"@type\":\"PropertyValueSpecification\",\"valueRequired\":true,\"valueName\":\"search_term_string\"}}],\"inLanguage\":\"en-US\"},{\"@type\":\"Person\",\"@id\":\"https:\/\/www.struka.hr\/en\/#\/schema\/person\/4d429f1f07565f151e493f0972c4a288\",\"name\":\"\u017deljko Habek\",\"image\":{\"@type\":\"ImageObject\",\"inLanguage\":\"en-US\",\"@id\":\"https:\/\/www.struka.hr\/en\/#\/schema\/person\/image\/\",\"url\":\"https:\/\/secure.gravatar.com\/avatar\/f568d1e26e0e73e63e35797410f39b2cbf347e78c0308f5ab2f12f040cf36cce?s=96&d=mm&r=g\",\"contentUrl\":\"https:\/\/secure.gravatar.com\/avatar\/f568d1e26e0e73e63e35797410f39b2cbf347e78c0308f5ab2f12f040cf36cce?s=96&d=mm&r=g\",\"caption\":\"\u017deljko Habek\"},\"url\":\"https:\/\/www.struka.hr\/en\/author\/zeljko\/\"}]}<\/script>\n<!-- \/ Yoast SEO plugin. -->","yoast_head_json":{"title":"WELDERS SHORTAGE - #STRUKA","robots":{"index":"index","follow":"follow","max-snippet":"max-snippet:-1","max-image-preview":"max-image-preview:large","max-video-preview":"max-video-preview:-1"},"canonical":"https:\/\/www.struka.hr\/en\/welders-shortage\/","og_locale":"en_US","og_type":"article","og_title":"WELDERS SHORTAGE - #STRUKA","og_description":"Today, at the Industrial and Trade School in Slavonski Brod, at the request of the Croatian Welding Societyy (CWS), a meeting was held to discuss the lack of welders in the labor market and activities that should be carried out to alleviate this problem. Along with the host, the meeting was attended by representatives of","og_url":"https:\/\/www.struka.hr\/en\/welders-shortage\/","og_site_name":"#STRUKA","article_published_time":"2022-03-11T21:26:50+00:00","article_modified_time":"2022-03-13T10:20:16+00:00","og_image":[{"url":"https:\/\/www.struka.hr\/wp-content\/uploads\/20220311_110929-1170x694.jpg","type":"","width":"","height":""}],"author":"\u017deljko Habek","twitter_card":"summary_large_image","twitter_misc":{"Written by":"\u017deljko Habek","Est. reading time":"1 minute"},"schema":{"@context":"https:\/\/schema.org","@graph":[{"@type":"WebPage","@id":"https:\/\/www.struka.hr\/en\/welders-shortage\/","url":"https:\/\/www.struka.hr\/en\/welders-shortage\/","name":"WELDERS SHORTAGE - #STRUKA","isPartOf":{"@id":"https:\/\/www.struka.hr\/en\/#website"},"primaryImageOfPage":{"@id":"https:\/\/www.struka.hr\/en\/welders-shortage\/#primaryimage"},"image":{"@id":"https:\/\/www.struka.hr\/en\/welders-shortage\/#primaryimage"},"thumbnailUrl":"https:\/\/www.struka.hr\/wp-content\/uploads\/20220311_110929-1170x694.jpg","datePublished":"2022-03-11T21:26:50+00:00","dateModified":"2022-03-13T10:20:16+00:00","author":{"@id":"https:\/\/www.struka.hr\/en\/#\/schema\/person\/4d429f1f07565f151e493f0972c4a288"},"breadcrumb":{"@id":"https:\/\/www.struka.hr\/en\/welders-shortage\/#breadcrumb"},"inLanguage":"en-US","potentialAction":[{"@type":"ReadAction","target":["https:\/\/www.struka.hr\/en\/welders-shortage\/"]}]},{"@type":"ImageObject","inLanguage":"en-US","@id":"https:\/\/www.struka.hr\/en\/welders-shortage\/#primaryimage","url":"https:\/\/www.struka.hr\/wp-content\/uploads\/20220311_110929-1170x694.jpg","contentUrl":"https:\/\/www.struka.hr\/wp-content\/uploads\/20220311_110929-1170x694.jpg"},{"@type":"BreadcrumbList","@id":"https:\/\/www.struka.hr\/en\/welders-shortage\/#breadcrumb","itemListElement":[{"@type":"ListItem","position":1,"name":"Po\u010detna stranica","item":"https:\/\/www.struka.hr\/en\/"},{"@type":"ListItem","position":2,"name":"WELDERS SHORTAGE"}]},{"@type":"WebSite","@id":"https:\/\/www.struka.hr\/en\/#website","url":"https:\/\/www.struka.hr\/en\/","name":"#STRUKA","description":"Udruga za cjelo\u017eivotno strukovno obrazovanje","potentialAction":[{"@type":"SearchAction","target":{"@type":"EntryPoint","urlTemplate":"https:\/\/www.struka.hr\/en\/?s={search_term_string}"},"query-input":{"@type":"PropertyValueSpecification","valueRequired":true,"valueName":"search_term_string"}}],"inLanguage":"en-US"},{"@type":"Person","@id":"https:\/\/www.struka.hr\/en\/#\/schema\/person\/4d429f1f07565f151e493f0972c4a288","name":"\u017deljko Habek","image":{"@type":"ImageObject","inLanguage":"en-US","@id":"https:\/\/www.struka.hr\/en\/#\/schema\/person\/image\/","url":"https:\/\/secure.gravatar.com\/avatar\/f568d1e26e0e73e63e35797410f39b2cbf347e78c0308f5ab2f12f040cf36cce?s=96&d=mm&r=g","contentUrl":"https:\/\/secure.gravatar.com\/avatar\/f568d1e26e0e73e63e35797410f39b2cbf347e78c0308f5ab2f12f040cf36cce?s=96&d=mm&r=g","caption":"\u017deljko Habek"},"url":"https:\/\/www.struka.hr\/en\/author\/zeljko\/"}]}},"_links":{"self":[{"href":"https:\/\/www.struka.hr\/en\/wp-json\/wp\/v2\/posts\/13324","targetHints":{"allow":["GET"]}}],"collection":[{"href":"https:\/\/www.struka.hr\/en\/wp-json\/wp\/v2\/posts"}],"about":[{"href":"https:\/\/www.struka.hr\/en\/wp-json\/wp\/v2\/types\/post"}],"author":[{"embeddable":true,"href":"https:\/\/www.struka.hr\/en\/wp-json\/wp\/v2\/users\/2"}],"replies":[{"embeddable":true,"href":"https:\/\/www.struka.hr\/en\/wp-json\/wp\/v2\/comments?post=13324"}],"version-history":[{"count":2,"href":"https:\/\/www.struka.hr\/en\/wp-json\/wp\/v2\/posts\/13324\/revisions"}],"predecessor-version":[{"id":13333,"href":"https:\/\/www.struka.hr\/en\/wp-json\/wp\/v2\/posts\/13324\/revisions\/13333"}],"wp:attachment":[{"href":"https:\/\/www.struka.hr\/en\/wp-json\/wp\/v2\/media?parent=13324"}],"wp:term":[{"taxonomy":"category","embeddable":true,"href":"https:\/\/www.struka.hr\/en\/wp-json\/wp\/v2\/categories?post=13324"},{"taxonomy":"post_tag","embeddable":true,"href":"https:\/\/www.struka.hr\/en\/wp-json\/wp\/v2\/tags?post=13324"}],"curies":[{"name":"wp","href":"https:\/\/api.w.org\/{rel}","templated":true}]}}